{"id":405,"date":"2022-03-24T18:38:15","date_gmt":"2022-03-24T18:38:15","guid":{"rendered":"https:\/\/klubsport.pl\/?p=405"},"modified":"2026-03-01T13:15:09","modified_gmt":"2026-03-01T13:15:09","slug":"405","status":"publish","type":"post","link":"https:\/\/www.klub-sport.pl\/?p=405","title":{"rendered":"\u0141uczniczy ob\u00f3z letni"},"content":{"rendered":"\t\t<div data-elementor-type=\"wp-post\" data-elementor-id=\"405\" class=\"elementor elementor-405\" data-elementor-post-type=\"post\">\n\t\t\t\t\t\t<section class=\"elementor-section elementor-top-section elementor-element elementor-element-687d8b8f elementor-section-boxed elementor-section-height-default elementor-section-height-default\" data-id=\"687d8b8f\" data-element_type=\"section\" data-e-type=\"section\">\n\t\t\t\t\t\t<div class=\"elementor-container elementor-column-gap-default\">\n\t\t\t\t\t<div class=\"elementor-column elementor-col-100 elementor-top-column elementor-element elementor-element-620d3c24\" data-id=\"620d3c24\" data-element_type=\"column\" data-e-type=\"column\">\n\t\t\t<div class=\"elementor-widget-wrap elementor-element-populated\">\n\t\t\t\t\t\t<div class=\"elementor-element elementor-element-e24367c elementor-widget elementor-widget-image\" data-id=\"e24367c\" data-element_type=\"widget\" data-e-type=\"widget\" data-widget_type=\"image.default\">\n\t\t\t\t<div class=\"elementor-widget-container\">\n\t\t\t\t\t\t\t\t\t\t\t\t\t\t\t<img decoding=\"async\" src=\"https:\/\/klubsport.pl\/wp-content\/uploads\/2022\/03\/athletic-female-aiming-with-bow-and-arrow-towards-the-trees-scaled.jpg\" title=\"\" alt=\"\" loading=\"lazy\" \/>\t\t\t\t\t\t\t\t\t\t\t\t\t\t\t<\/div>\n\t\t\t\t<\/div>\n\t\t\t\t<div class=\"elementor-element elementor-element-77f72ba8 elementor-widget elementor-widget-text-editor\" data-id=\"77f72ba8\" data-element_type=\"widget\" data-e-type=\"widget\" data-widget_type=\"text-editor.default\">\n\t\t\t\t<div class=\"elementor-widget-container\">\n\t\t\t\t\t\t\t\t\t<p>Klub Sportowy Klub Sport zaprasza\u00a0<strong>dzieci w wieku 7-13 lat\u00a0<\/strong>do wzi\u0119cia udzia\u0142u w dziewi\u0105tej edycji letniej szk\u00f3\u0142ki \u0141ucznictwa.<\/p>\n<p><!-- \/wp:paragraph --><\/p>\n<p><!-- wp:paragraph --><\/p>\n<p>Zaj\u0119cia prowadzone b\u0119d\u0105 na obiektach klubu sportowego \u201eKlub Sport\u201d przez\u00a0<strong>wykwalifikowan\u0105 kadr\u0119\u00a0trenersk\u0105 w dniach 5-9 lipca 2021 r.\u00a0<\/strong>tj. od poniedzia\u0142ku do pi\u0105tku w godzinach\u00a0<strong>od 8.00 do 16.00<\/strong>.<\/p>\n<p><!-- \/wp:paragraph --><\/p>\n<p><!-- wp:paragraph --><\/p>\n<p>W ramach projektu proponujemy mi\u0119dzy innymi:<\/p>\n<p><!-- \/wp:paragraph --><\/p>\n<p><!-- wp:paragraph --><\/p>\n<p>\u00a0&#8211; Codzienne zaj\u0119cia \u0141ucznicze<\/p>\n<p><!-- \/wp:paragraph --><\/p>\n<p><!-- wp:paragraph --><\/p>\n<p>&#8211; Wyj\u015bcie do kina<\/p>\n<p><!-- \/wp:paragraph --><\/p>\n<p><!-- wp:paragraph --><\/p>\n<p><!-- \/wp:paragraph --><\/p>\n<p><!-- wp:paragraph --><\/p>\n<p>&#8211; Zaj\u0119cia plastyczne<\/p>\n<p><!-- \/wp:paragraph --><\/p>\n<p><!-- wp:paragraph --><\/p>\n<p>&#8211; Ubezpieczenie dzieci &#8211; NW<\/p>\n<p><!-- \/wp:paragraph --><\/p>\n<p><!-- wp:paragraph --><\/p>\n<p>&#8211; Codzienny posi\u0142ek \u2013 obiad<\/p>\n<p><!-- \/wp:paragraph --><\/p>\n<p><!-- wp:paragraph --><\/p>\n<p>&#8211; Napoje dla dzieci \u2013 woda mineralna<\/p>\n<p><!-- \/wp:paragraph --><\/p>\n<p><!-- wp:paragraph --><\/p>\n<p>&#8211; Na zako\u0144czenie kursu ka\u017cdy uczestnik otrzyma pami\u0105tkowy dyplom uko\u0144czenia kursu.<\/p>\n<p><!-- \/wp:paragraph --><\/p>\n<p><!-- wp:paragraph --><\/p>\n<p><strong>Termin: 5-9 lipca 2021 r. (poniedzia\u0142ek &#8211; pi\u0105tek)<\/strong><\/p>\n<p><!-- \/wp:paragraph --><\/p>\n<p><!-- wp:paragraph --><\/p>\n<p><strong>Koszt\u00a0<\/strong>dla zawodnik\u00f3w Klubu Klub Sport\u2013\u00a0<strong>399 z\u0142\/osoby<\/strong><\/p>\n<p><!-- \/wp:paragraph --><\/p>\n<p><!-- wp:paragraph --><\/p>\n<p><strong>Koszt\u00a0<\/strong>dla dzieci niezrzeszonych w Klubie \u2013\u00a0<strong>439 z\u0142\/osoby<\/strong><\/p>\n<p><!-- \/wp:paragraph --><\/p>\n<p><!-- wp:paragraph --><\/p>\n<p><strong>Cena obejmuje :<\/strong><\/p>\n<p><!-- \/wp:paragraph --><\/p>\n<p><!-- wp:paragraph --><\/p>\n<p>&#8211; Posi\u0142ek \u2013 obiad<\/p>\n<p><!-- \/wp:paragraph --><\/p>\n<p><!-- wp:paragraph --><\/p>\n<p>&#8211; Wyj\u015bcia z dzie\u0107mi \u2013 zaj\u0119cia dodatkowe<\/p>\n<p><!-- \/wp:paragraph --><\/p>\n<p><!-- wp:paragraph --><\/p>\n<p>&#8211; Przejazdy komunikacj\u0105 publiczn\u0105<\/p>\n<p><!-- \/wp:paragraph --><\/p>\n<p><!-- wp:paragraph --><\/p>\n<p>&#8211; Opieka wykwalifikowanej kadry trenerskiej<\/p>\n<p><!-- \/wp:paragraph --><\/p>\n<p><!-- wp:paragraph --><\/p>\n<p>&#8211; Korzystanie z obiekt\u00f3w klubu sportowego Klub Sp[ort<\/p>\n<p><!-- \/wp:paragraph --><\/p>\n<p><!-- wp:paragraph --><\/p>\n<p>&#8211; Udost\u0119pnienie specjalistycznego sprz\u0119tu szermierczego<\/p>\n<p><!-- \/wp:paragraph --><\/p>\n<p><!-- wp:paragraph --><\/p>\n<p>&#8211; Pami\u0105tkowy dyplom uko\u0144czenia p\u00f3\u0142kolonii<\/p>\n<p><!-- \/wp:paragraph --><\/p>\n<p><!-- wp:paragraph --><\/p>\n<p>Osoby prowadz\u0105ce:<\/p>\n<p><!-- \/wp:paragraph --><\/p>\n<p><!-- wp:paragraph --><\/p>\n<p>Katarzyna Zi\u00f3\u0142kowska \u2013 trenerka \u0141ucznictwa, nauczycielka<\/p>\n<p><!-- \/wp:paragraph --><\/p>\n<p><!-- wp:paragraph --><\/p>\n<p>\u0141ukasz Kwa\u015bniewski \u2013 trener \u0141ucznictwa<\/p>\n<p><!-- \/wp:paragraph --><\/p>\n<p><!-- wp:paragraph --><\/p>\n<p>Zapisy prosimy kierowa\u0107 do Tomasza Skupio:<\/p>\n<p><!-- \/wp:paragraph --><\/p>\n<p><!-- wp:paragraph --><\/p>\n<p>\u00a0mail: skupiot@klub-sport.pl<\/p>\n<p><!-- \/wp:paragraph --><\/p>\n<p><!-- wp:paragraph --><\/p>\n<p>\u00a0tel.: 791 474 815<\/p>\n<p><!-- \/wp:paragraph --><\/p>\t\t\t\t\t\t\t\t<\/div>\n\t\t\t\t<\/div>\n\t\t\t\t\t<\/div>\n\t\t<\/div>\n\t\t\t\t\t<\/div>\n\t\t<\/section>\n\t\t\t\t<\/div>\n\t\t","protected":false},"excerpt":{"rendered":"<p>Klub Sportowy Klub Sport zaprasza\u00a0dzieci w wieku 7-13 lat\u00a0do wzi\u0119cia udzia\u0142u w dziewi\u0105tej edycji letniej szk\u00f3\u0142ki \u0141ucznictwa. Zaj\u0119cia prowadzone b\u0119d\u0105 na obiektach klubu sportowego \u201eKlub Sport\u201d przez\u00a0wykwalifikowan\u0105 kadr\u0119\u00a0trenersk\u0105 w dniach 5-9 lipca 2021 r.\u00a0tj. od poniedzia\u0142ku do pi\u0105tku w godzinach\u00a0od 8.00 do 16.00. W ramach projektu proponujemy mi\u0119dzy innymi: \u00a0&#8211; Codzienne zaj\u0119cia \u0141ucznicze &#8211; Wyj\u015bcie [&hellip;]<\/p>\n","protected":false},"author":2,"featured_media":0,"comment_status":"open","ping_status":"open","sticky":false,"template":"","format":"standard","meta":{"om_disable_all_campaigns":false,"footnotes":""},"categories":[2],"tags":[],"class_list":["post-405","post","type-post","status-publish","format-standard","hentry","category-treningi"],"a3_pvc":{"activated":false,"total_views":0,"today_views":0},"jetpack_featured_media_url":"","_links":{"self":[{"href":"https:\/\/www.klub-sport.pl\/index.php?rest_route=\/wp\/v2\/posts\/405","targetHints":{"allow":["GET"]}}],"collection":[{"href":"https:\/\/www.klub-sport.pl\/index.php?rest_route=\/wp\/v2\/posts"}],"about":[{"href":"https:\/\/www.klub-sport.pl\/index.php?rest_route=\/wp\/v2\/types\/post"}],"author":[{"embeddable":true,"href":"https:\/\/www.klub-sport.pl\/index.php?rest_route=\/wp\/v2\/users\/2"}],"replies":[{"embeddable":true,"href":"https:\/\/www.klub-sport.pl\/index.php?rest_route=%2Fwp%2Fv2%2Fcomments&post=405"}],"version-history":[{"count":3,"href":"https:\/\/www.klub-sport.pl\/index.php?rest_route=\/wp\/v2\/posts\/405\/revisions"}],"predecessor-version":[{"id":730,"href":"https:\/\/www.klub-sport.pl\/index.php?rest_route=\/wp\/v2\/posts\/405\/revisions\/730"}],"wp:attachment":[{"href":"https:\/\/www.klub-sport.pl\/index.php?rest_route=%2Fwp%2Fv2%2Fmedia&parent=405"}],"wp:term":[{"taxonomy":"category","embeddable":true,"href":"https:\/\/www.klub-sport.pl\/index.php?rest_route=%2Fwp%2Fv2%2Fcategories&post=405"},{"taxonomy":"post_tag","embeddable":true,"href":"https:\/\/www.klub-sport.pl\/index.php?rest_route=%2Fwp%2Fv2%2Ftags&post=405"}],"curies":[{"name":"wp","href":"https:\/\/api.w.org\/{rel}","templated":true}]}}